{"id":3697,"date":"2021-10-01T11:13:25","date_gmt":"2021-10-01T09:13:25","guid":{"rendered":"https:\/\/www.meyco.eu\/?p=3697"},"modified":"2023-12-05T09:48:24","modified_gmt":"2023-12-05T08:48:24","slug":"halloween","status":"publish","type":"post","link":"https:\/\/www.meyco.eu\/home\/halloween\/","title":{"rendered":"Halloween-Mobil\u00e9 mit Bastelvorlage"},"content":{"rendered":"\n<p class=\"has-text-align-center\">Es ist Zeit zum Gruseln!<\/p>\n\n\n\n<p class=\"has-text-align-center\">Feiert Ihr Halloween und habt Ihr schon Dekoideen? <\/p>\n\n\n\n<div class=\"wp-block-columns is-layout-flex wp-container-core-columns-is-layout-9d6595d7 wp-block-columns-is-layout-flex\">\n<div class=\"wp-block-column is-layout-flow wp-block-column-is-layout-flow\" style=\"flex-basis:100%\">\n<figure class=\"wp-block-gallery has-nested-images columns-default is-cropped wp-block-gallery-1 is-layout-flex wp-block-gallery-is-layout-flex\">\n<figure class=\"wp-block-image size-large\"><a href=\"https:\/\/www.meyco.eu\/home\/wp-content\/uploads\/2021\/10\/IMG_20211019_1.jpg\"><img loading=\"lazy\" decoding=\"async\" width=\"767\" height=\"1024\" data-id=\"3781\" src=\"https:\/\/www.meyco.eu\/home\/wp-content\/uploads\/2021\/10\/IMG_20211019_1-767x1024.jpg\" alt=\"\" class=\"wp-image-3781\" srcset=\"https:\/\/www.meyco.eu\/home\/wp-content\/uploads\/2021\/10\/IMG_20211019_1-767x1024.jpg 767w, https:\/\/www.meyco.eu\/home\/wp-content\/uploads\/2021\/10\/IMG_20211019_1-225x300.jpg 225w, https:\/\/www.meyco.eu\/home\/wp-content\/uploads\/2021\/10\/IMG_20211019_1-768x1025.jpg 768w, https:\/\/www.meyco.eu\/home\/wp-content\/uploads\/2021\/10\/IMG_20211019_1-809x1080.jpg 809w, https:\/\/www.meyco.eu\/home\/wp-content\/uploads\/2021\/10\/IMG_20211019_1.jpg 1002w\" sizes=\"auto, (max-width: 767px) 100vw, 767px\" \/><\/a><\/figure>\n\n\n\n<figure class=\"wp-block-image size-large\"><a href=\"https:\/\/www.meyco.eu\/home\/wp-content\/uploads\/2021\/10\/IMG_0195-1-scaled.jpg\"><img loading=\"lazy\" decoding=\"async\" width=\"576\" height=\"1024\" data-id=\"3784\" src=\"https:\/\/www.meyco.eu\/home\/wp-content\/uploads\/2021\/10\/IMG_0195-1-576x1024.jpg\" alt=\"\" class=\"wp-image-3784\" srcset=\"https:\/\/www.meyco.eu\/home\/wp-content\/uploads\/2021\/10\/IMG_0195-1-576x1024.jpg 576w, https:\/\/www.meyco.eu\/home\/wp-content\/uploads\/2021\/10\/IMG_0195-1-169x300.jpg 169w, https:\/\/www.meyco.eu\/home\/wp-content\/uploads\/2021\/10\/IMG_0195-1-768x1365.jpg 768w, https:\/\/www.meyco.eu\/home\/wp-content\/uploads\/2021\/10\/IMG_0195-1-864x1536.jpg 864w, https:\/\/www.meyco.eu\/home\/wp-content\/uploads\/2021\/10\/IMG_0195-1-1152x2048.jpg 1152w, https:\/\/www.meyco.eu\/home\/wp-content\/uploads\/2021\/10\/IMG_0195-1-1024x1820.jpg 1024w, https:\/\/www.meyco.eu\/home\/wp-content\/uploads\/2021\/10\/IMG_0195-1-608x1080.jpg 608w, https:\/\/www.meyco.eu\/home\/wp-content\/uploads\/2021\/10\/IMG_0195-1-scaled.jpg 1440w\" sizes=\"auto, (max-width: 576px) 100vw, 576px\" \/><\/a><\/figure>\n<\/figure>\n<\/div>\n<\/div>\n\n\n\n<p class=\"has-text-align-center\">Wir haben dieses Jahr ein Mobil\u00e9 mit Flederm\u00e4usen gebastelt. Die Vorlage k\u00f6nnt Ihr euch hier Ausdrucken und f\u00fcr eure Ideen verwenden.<\/p>\n\n\n\n<div class=\"wp-block-buttons is-horizontal is-content-justification-center is-layout-flex wp-container-core-buttons-is-layout-499968f5 wp-block-buttons-is-layout-flex\">\n<div class=\"wp-block-button\"><a class=\"wp-block-button__link\" href=\"https:\/\/www.meyco.eu\/home\/wp-content\/uploads\/2021\/10\/Fledermaus_Vorlage_Download1.pdf\" target=\"_blank\" rel=\"noreferrer noopener\">Vorlage Flederm\u00e4use<\/a><\/div>\n<\/div>\n\n\n\n<p><\/p>\n\n\n\n<p>Desweiteren ben\u00f6tigt Ihr folgendes Material:<\/p>\n\n\n\n<ul class=\"wp-block-list\"><li>Styropor-R\u00f6mer \u00d8 30 cm<\/li><li>Acrylfarbe, schwarz<\/li><li>Marabufedern, schwarz<\/li><li>Doppelsatinband 6 mm<\/li><li>Hei\u00dfkleber<\/li><li>Moosgummi, 3 mm<\/li><li>Perlonfaden oder Sternzwirn (Farbe nach Wahl)<\/li><li>Nadel, Schere und Stift<\/li><\/ul>\n\n\n\n<p><\/p>\n\n\n\n<p class=\"has-text-align-center\"><strong>Anleitung zum Basteln<\/strong><\/p>\n\n\n\n<p class=\"has-text-align-center\">Wir haben einen Styropor-R\u00f6mer mit Acrylfarbe schwarz bepinselt und nach dem Trocknen mit Federn beklebt. In der Trocknungszeit haben wir auf schwarzes Moosgummi unsere Flederm\u00e4use gezeichnet und ausgeschnitten. <\/p>\n\n\n\n<p class=\"has-text-align-center\">Mit was Ihr sie befestigt bleibt euch \u00fcberlassen, wir haben jeweils mit zwei L\u00f6chern einen schwarzen Sternzwirn durchgezogen und an den Ring geknotet. Daf\u00fcr h\u00e4ngt Ihr euer Mobil\u00e9 am besten schon an drei Doppelsatinb\u00e4ndern auf. Ihr k\u00f6nnt nun die Flederm\u00e4use anordnen wie Ihr m\u00f6chtet. Und fertig ist das Halloween-Mobil\u00e9.<\/p>\n\n\n\n<p class=\"has-text-align-center\">Wir w\u00fcnschen Euch ganz viel Spa\u00df beim Basteln und Dekorieren!<\/p>\n\n\n\n<p class=\"has-text-align-center\">Das Meyco-Team<\/p>\n\n\n\n<p><\/p>\n\n\n\n<p>F\u00fcr unsere Meyco-Kunden:<\/p>\n\n\n\n<ul class=\"wp-block-list\"><li>42830 Styropor-R\u00f6mer \u00d8 30 cm<\/li><li>14922 Acrylfarbe, schwarz<\/li><li>24086 Marabufedern, schwarz<\/li><li>915-22 Doppelsatinband 6 mm<\/li><li>65708 Hei\u00dfklebesticks<\/li><li>65700 Hei\u00dfklebepistole<\/li><li>25301 Moosgummi, 3 mm, schwarz<\/li><li>937-13 Sternzwirn (Farbe nach Wahl)<\/li><li>65172 Bastelschere<\/li><\/ul>\n","protected":false},"excerpt":{"rendered":"<p>Es ist Zeit zum Gruseln! Feiert Ihr Halloween und habt Ihr schon Dekoideen? Wir haben dieses Jahr ein Mobil\u00e9 mit Flederm\u00e4usen gebastelt. Die Vorlage k\u00f6nnt Ihr euch hier Ausdrucken und f\u00fcr eure Ideen verwenden. Desweiteren ben\u00f6tigt Ihr folgendes Material: Styropor-R\u00f6mer \u00d8 30 cm Acrylfarbe, schwarz Marabufedern, schwarz Doppelsatinband 6 mm Hei\u00dfkleber Moosgummi, 3 mm Perlonfaden&hellip; <br \/> <a class=\"read-more\" href=\"https:\/\/www.meyco.eu\/home\/halloween\/\">Read more<\/a><\/p>\n","protected":false},"author":3,"featured_media":3863,"comment_status":"closed","ping_status":"open","sticky":false,"template":"","format":"standard","meta":{"footnotes":""},"categories":[24,35],"tags":[91,64,65,236,84,97],"class_list":["post-3697","post","type-post","status-publish","format-standard","has-post-thumbnail","hentry","category-blog","category-herbst","tag-bastelideen","tag-basteln","tag-diy","tag-halloween","tag-handmade","tag-meyco"],"_links":{"self":[{"href":"https:\/\/www.meyco.eu\/home\/wp-json\/wp\/v2\/posts\/3697","targetHints":{"allow":["GET"]}}],"collection":[{"href":"https:\/\/www.meyco.eu\/home\/wp-json\/wp\/v2\/posts"}],"about":[{"href":"https:\/\/www.meyco.eu\/home\/wp-json\/wp\/v2\/types\/post"}],"author":[{"embeddable":true,"href":"https:\/\/www.meyco.eu\/home\/wp-json\/wp\/v2\/users\/3"}],"replies":[{"embeddable":true,"href":"https:\/\/www.meyco.eu\/home\/wp-json\/wp\/v2\/comments?post=3697"}],"version-history":[{"count":14,"href":"https:\/\/www.meyco.eu\/home\/wp-json\/wp\/v2\/posts\/3697\/revisions"}],"predecessor-version":[{"id":4117,"href":"https:\/\/www.meyco.eu\/home\/wp-json\/wp\/v2\/posts\/3697\/revisions\/4117"}],"wp:featuredmedia":[{"embeddable":true,"href":"https:\/\/www.meyco.eu\/home\/wp-json\/wp\/v2\/media\/3863"}],"wp:attachment":[{"href":"https:\/\/www.meyco.eu\/home\/wp-json\/wp\/v2\/media?parent=3697"}],"wp:term":[{"taxonomy":"category","embeddable":true,"href":"https:\/\/www.meyco.eu\/home\/wp-json\/wp\/v2\/categories?post=3697"},{"taxonomy":"post_tag","embeddable":true,"href":"https:\/\/www.meyco.eu\/home\/wp-json\/wp\/v2\/tags?post=3697"}],"curies":[{"name":"wp","href":"https:\/\/api.w.org\/{rel}","templated":true}]}}