{"id":3562,"date":"2021-09-15T11:34:53","date_gmt":"2021-09-15T09:34:53","guid":{"rendered":"https:\/\/www.meyco.eu\/?p=3562"},"modified":"2024-05-14T10:28:34","modified_gmt":"2024-05-14T08:28:34","slug":"diy-adventskalender","status":"publish","type":"post","link":"https:\/\/www.meyco.eu\/home\/diy-adventskalender\/","title":{"rendered":"DIY Adventskalender -Part 1-"},"content":{"rendered":"\n<p class=\"has-text-align-center\">Es beginnt herbstlich zu werden und neben Herbstbasteleien f\u00e4ngt nun auch die Zeit an, in der wir f\u00fcr unsere Lieben die Adventskalender basteln und mit kleinen Aufmerksamkeiten bef\u00fcllen.<\/p>\n\n\n\n<p class=\"has-text-align-center\">Bei 24 Schachteln kann das schon mal etwas l\u00e4nger dauern, da f\u00e4ngt man mit dem Basteln am besten fr\u00fch genug an! <\/p>\n\n\n\n<p class=\"has-text-align-center\">Viel Spa\u00df beim St\u00f6bern und vielleicht inspiriert Euch ja die ein oder andere Bastelidee von uns \ud83d\ude42 <\/p>\n\n\n<div class=\"wp-block-image\">\n<figure class=\"aligncenter size-large is-resized\"><img loading=\"lazy\" decoding=\"async\" width=\"472\" height=\"1024\" src=\"https:\/\/www.meyco.eu\/home\/wp-content\/uploads\/2021\/09\/IMG_20210914_155046_edit_1037471622698462-1-472x1024.jpg\" alt=\"\" class=\"wp-image-3579\" style=\"width:472px;height:1024px\" srcset=\"https:\/\/www.meyco.eu\/home\/wp-content\/uploads\/2021\/09\/IMG_20210914_155046_edit_1037471622698462-1-472x1024.jpg 472w, https:\/\/www.meyco.eu\/home\/wp-content\/uploads\/2021\/09\/IMG_20210914_155046_edit_1037471622698462-1-138x300.jpg 138w, https:\/\/www.meyco.eu\/home\/wp-content\/uploads\/2021\/09\/IMG_20210914_155046_edit_1037471622698462-1-768x1668.jpg 768w, https:\/\/www.meyco.eu\/home\/wp-content\/uploads\/2021\/09\/IMG_20210914_155046_edit_1037471622698462-1-707x1536.jpg 707w, https:\/\/www.meyco.eu\/home\/wp-content\/uploads\/2021\/09\/IMG_20210914_155046_edit_1037471622698462-1-943x2048.jpg 943w, https:\/\/www.meyco.eu\/home\/wp-content\/uploads\/2021\/09\/IMG_20210914_155046_edit_1037471622698462-1-1024x2224.jpg 1024w, https:\/\/www.meyco.eu\/home\/wp-content\/uploads\/2021\/09\/IMG_20210914_155046_edit_1037471622698462-1-scaled.jpg 1179w\" sizes=\"auto, (max-width: 472px) 100vw, 472px\" \/><\/figure><\/div>\n\n\n<div class=\"wp-block-group\"><div class=\"wp-block-group__inner-container is-layout-flow wp-block-group-is-layout-flow\">\n<div class=\"wp-block-columns is-layout-flex wp-container-core-columns-is-layout-9d6595d7 wp-block-columns-is-layout-flex\">\n<div class=\"wp-block-column is-layout-flow wp-block-column-is-layout-flow\" style=\"flex-basis:100%\">\n<p class=\"has-text-align-center\">Schaut euch die Details mit unseren tollen, neuen Artikeln an:<\/p>\n\n\n<div class=\"wp-block-image\">\n<figure class=\"aligncenter size-large\"><img loading=\"lazy\" decoding=\"async\" width=\"576\" height=\"1024\" src=\"https:\/\/www.meyco.eu\/home\/wp-content\/uploads\/2021\/09\/IMG_20210916_082715_636-576x1024.jpg\" alt=\"\" class=\"wp-image-3582\" srcset=\"https:\/\/www.meyco.eu\/home\/wp-content\/uploads\/2021\/09\/IMG_20210916_082715_636-576x1024.jpg 576w, https:\/\/www.meyco.eu\/home\/wp-content\/uploads\/2021\/09\/IMG_20210916_082715_636-169x300.jpg 169w, https:\/\/www.meyco.eu\/home\/wp-content\/uploads\/2021\/09\/IMG_20210916_082715_636-768x1365.jpg 768w, https:\/\/www.meyco.eu\/home\/wp-content\/uploads\/2021\/09\/IMG_20210916_082715_636-864x1536.jpg 864w, https:\/\/www.meyco.eu\/home\/wp-content\/uploads\/2021\/09\/IMG_20210916_082715_636-1024x1820.jpg 1024w, https:\/\/www.meyco.eu\/home\/wp-content\/uploads\/2021\/09\/IMG_20210916_082715_636-608x1080.jpg 608w, https:\/\/www.meyco.eu\/home\/wp-content\/uploads\/2021\/09\/IMG_20210916_082715_636.jpg 1080w\" sizes=\"auto, (max-width: 576px) 100vw, 576px\" \/><\/figure><\/div>\n\n\n<p class=\"has-text-align-center\">Wir haben unser neues Stempelset &#8222;Adventszahlen&#8220; benutzt. <\/p>\n\n\n\n<p class=\"has-text-align-center\">Folgende Motive sind enthalten:<\/p>\n\n\n\n<figure class=\"wp-block-gallery has-nested-images columns-default is-cropped wp-block-gallery-1 is-layout-flex wp-block-gallery-is-layout-flex\">\n<figure class=\"wp-block-image size-large\"><img loading=\"lazy\" decoding=\"async\" width=\"1024\" height=\"1024\" data-id=\"3604\" src=\"https:\/\/www.meyco.eu\/home\/wp-content\/uploads\/2021\/09\/65103_Motive_Insta_edit_1326819136310561-1-1024x1024.jpg\" alt=\"\" class=\"wp-image-3604\" srcset=\"https:\/\/www.meyco.eu\/home\/wp-content\/uploads\/2021\/09\/65103_Motive_Insta_edit_1326819136310561-1-1024x1025.jpg 1024w, https:\/\/www.meyco.eu\/home\/wp-content\/uploads\/2021\/09\/65103_Motive_Insta_edit_1326819136310561-1-300x300.jpg 300w, https:\/\/www.meyco.eu\/home\/wp-content\/uploads\/2021\/09\/65103_Motive_Insta_edit_1326819136310561-1-150x150.jpg 150w, https:\/\/www.meyco.eu\/home\/wp-content\/uploads\/2021\/09\/65103_Motive_Insta_edit_1326819136310561-1-768x769.jpg 768w, https:\/\/www.meyco.eu\/home\/wp-content\/uploads\/2021\/09\/65103_Motive_Insta_edit_1326819136310561-1.jpg 1080w\" sizes=\"auto, (max-width: 1024px) 100vw, 1024px\" \/><\/figure>\n\n\n\n<figure class=\"wp-block-image size-large\"><img loading=\"lazy\" decoding=\"async\" width=\"1024\" height=\"1024\" data-id=\"3605\" src=\"https:\/\/www.meyco.eu\/home\/wp-content\/uploads\/2021\/09\/65103_Stempel-m-Massen_insta_edit_1326826781284518-1-1024x1024.jpg\" alt=\"\" class=\"wp-image-3605\" srcset=\"https:\/\/www.meyco.eu\/home\/wp-content\/uploads\/2021\/09\/65103_Stempel-m-Massen_insta_edit_1326826781284518-1-1024x1023.jpg 1024w, https:\/\/www.meyco.eu\/home\/wp-content\/uploads\/2021\/09\/65103_Stempel-m-Massen_insta_edit_1326826781284518-1-300x300.jpg 300w, https:\/\/www.meyco.eu\/home\/wp-content\/uploads\/2021\/09\/65103_Stempel-m-Massen_insta_edit_1326826781284518-1-150x150.jpg 150w, https:\/\/www.meyco.eu\/home\/wp-content\/uploads\/2021\/09\/65103_Stempel-m-Massen_insta_edit_1326826781284518-1-768x767.jpg 768w, https:\/\/www.meyco.eu\/home\/wp-content\/uploads\/2021\/09\/65103_Stempel-m-Massen_insta_edit_1326826781284518-1.jpg 1080w\" sizes=\"auto, (max-width: 1024px) 100vw, 1024px\" \/><\/figure>\n<figcaption class=\"blocks-gallery-caption wp-element-caption\">Das Stempelset findet Ihr unter Art. Nr.: 65103<\/figcaption><\/figure>\n\n\n\n<hr class=\"wp-block-separator has-css-opacity\"\/>\n\n\n\n<p class=\"has-text-align-center\">Wie niedlich sind diese Deko-Skier? <\/p>\n\n\n\n<p class=\"has-text-align-center\">Ideal zur Dekoration oder als Geschenkanh\u00e4nger.<\/p>\n\n\n<div class=\"wp-block-image\">\n<figure class=\"aligncenter size-large\"><img loading=\"lazy\" decoding=\"async\" width=\"576\" height=\"1024\" src=\"https:\/\/www.meyco.eu\/home\/wp-content\/uploads\/2021\/09\/IMG_20210916_083459_846-576x1024.jpg\" alt=\"\" class=\"wp-image-3580\" srcset=\"https:\/\/www.meyco.eu\/home\/wp-content\/uploads\/2021\/09\/IMG_20210916_083459_846-576x1024.jpg 576w, https:\/\/www.meyco.eu\/home\/wp-content\/uploads\/2021\/09\/IMG_20210916_083459_846-169x300.jpg 169w, https:\/\/www.meyco.eu\/home\/wp-content\/uploads\/2021\/09\/IMG_20210916_083459_846-768x1365.jpg 768w, https:\/\/www.meyco.eu\/home\/wp-content\/uploads\/2021\/09\/IMG_20210916_083459_846-864x1536.jpg 864w, https:\/\/www.meyco.eu\/home\/wp-content\/uploads\/2021\/09\/IMG_20210916_083459_846-1024x1820.jpg 1024w, https:\/\/www.meyco.eu\/home\/wp-content\/uploads\/2021\/09\/IMG_20210916_083459_846-608x1080.jpg 608w, https:\/\/www.meyco.eu\/home\/wp-content\/uploads\/2021\/09\/IMG_20210916_083459_846.jpg 1080w\" sizes=\"auto, (max-width: 576px) 100vw, 576px\" \/><\/figure><\/div><\/div>\n<\/div>\n<\/div><\/div>\n\n\n\n<p class=\"has-text-align-center\">Lasst eurer Kreativit\u00e4t freien Lauf \ud83d\ude42 <\/p>\n\n\n<div class=\"wp-block-image\">\n<figure class=\"aligncenter size-large\"><img loading=\"lazy\" decoding=\"async\" width=\"576\" height=\"1024\" src=\"https:\/\/www.meyco.eu\/home\/wp-content\/uploads\/2021\/09\/IMG_20210916_084344_456-576x1024.jpg\" alt=\"\" class=\"wp-image-3581\" srcset=\"https:\/\/www.meyco.eu\/home\/wp-content\/uploads\/2021\/09\/IMG_20210916_084344_456-576x1024.jpg 576w, https:\/\/www.meyco.eu\/home\/wp-content\/uploads\/2021\/09\/IMG_20210916_084344_456-169x300.jpg 169w, https:\/\/www.meyco.eu\/home\/wp-content\/uploads\/2021\/09\/IMG_20210916_084344_456-768x1365.jpg 768w, https:\/\/www.meyco.eu\/home\/wp-content\/uploads\/2021\/09\/IMG_20210916_084344_456-864x1536.jpg 864w, https:\/\/www.meyco.eu\/home\/wp-content\/uploads\/2021\/09\/IMG_20210916_084344_456-1024x1820.jpg 1024w, https:\/\/www.meyco.eu\/home\/wp-content\/uploads\/2021\/09\/IMG_20210916_084344_456-608x1080.jpg 608w, https:\/\/www.meyco.eu\/home\/wp-content\/uploads\/2021\/09\/IMG_20210916_084344_456.jpg 1080w\" sizes=\"auto, (max-width: 576px) 100vw, 576px\" \/><\/figure><\/div>\n\n\n<p class=\"has-text-align-center\">Wenn Ihr Ideen oder Fragen habt dann schreibt uns gern einen Kommentar. <\/p>\n\n\n\n<p class=\"has-text-align-center\">Viel Spa\u00df beim Basteln w\u00fcnscht euch <\/p>\n\n\n\n<p class=\"has-text-align-center\">Das Meyco-Team<\/p>\n","protected":false},"excerpt":{"rendered":"<p>Es beginnt herbstlich zu werden und neben Herbstbasteleien f\u00e4ngt nun auch die Zeit an, in der wir f\u00fcr unsere Lieben die Adventskalender basteln und mit kleinen Aufmerksamkeiten bef\u00fcllen. Bei 24 Schachteln kann das schon mal etwas l\u00e4nger dauern, da f\u00e4ngt man mit dem Basteln am besten fr\u00fch genug an! Viel Spa\u00df beim St\u00f6bern und vielleicht&hellip; <br \/> <a class=\"read-more\" href=\"https:\/\/www.meyco.eu\/home\/diy-adventskalender\/\">Read more<\/a><\/p>\n","protected":false},"author":3,"featured_media":3887,"comment_status":"closed","ping_status":"closed","sticky":false,"template":"","format":"standard","meta":{"footnotes":""},"categories":[24,33],"tags":[256,258,240,260,262,264,266,244,248,250],"class_list":["post-3562","post","type-post","status-publish","format-standard","has-post-thumbnail","hentry","category-blog","category-zur-weihnachtszeit","tag-advent-de","tag-adventskalender-de","tag-basteln-de","tag-christmas-de","tag-christmasdecoration-de","tag-craftideas-de","tag-decoration-de","tag-diy-de","tag-handmade-de","tag-meyco-de"],"_links":{"self":[{"href":"https:\/\/www.meyco.eu\/home\/wp-json\/wp\/v2\/posts\/3562","targetHints":{"allow":["GET"]}}],"collection":[{"href":"https:\/\/www.meyco.eu\/home\/wp-json\/wp\/v2\/posts"}],"about":[{"href":"https:\/\/www.meyco.eu\/home\/wp-json\/wp\/v2\/types\/post"}],"author":[{"embeddable":true,"href":"https:\/\/www.meyco.eu\/home\/wp-json\/wp\/v2\/users\/3"}],"replies":[{"embeddable":true,"href":"https:\/\/www.meyco.eu\/home\/wp-json\/wp\/v2\/comments?post=3562"}],"version-history":[{"count":13,"href":"https:\/\/www.meyco.eu\/home\/wp-json\/wp\/v2\/posts\/3562\/revisions"}],"predecessor-version":[{"id":4265,"href":"https:\/\/www.meyco.eu\/home\/wp-json\/wp\/v2\/posts\/3562\/revisions\/4265"}],"wp:featuredmedia":[{"embeddable":true,"href":"https:\/\/www.meyco.eu\/home\/wp-json\/wp\/v2\/media\/3887"}],"wp:attachment":[{"href":"https:\/\/www.meyco.eu\/home\/wp-json\/wp\/v2\/media?parent=3562"}],"wp:term":[{"taxonomy":"category","embeddable":true,"href":"https:\/\/www.meyco.eu\/home\/wp-json\/wp\/v2\/categories?post=3562"},{"taxonomy":"post_tag","embeddable":true,"href":"https:\/\/www.meyco.eu\/home\/wp-json\/wp\/v2\/tags?post=3562"}],"curies":[{"name":"wp","href":"https:\/\/api.w.org\/{rel}","templated":true}]}}